{"id":243088,"date":"2021-06-14T19:35:18","date_gmt":"2021-06-14T17:35:18","guid":{"rendered":"https:\/\/vinpressionniste.com\/les-debuts-des-vinpressionnistes-a-lexport-copy-copy\/"},"modified":"2021-06-14T19:49:19","modified_gmt":"2021-06-14T17:49:19","slug":"les-debuts-des-vinpressionnistes-a-lexport-copy-copy","status":"publish","type":"post","link":"https:\/\/vinpressionniste.com\/en\/les-debuts-des-vinpressionnistes-a-lexport-copy-copy\/","title":{"rendered":"Les Vinpressionnistes \u00e0 Paris !"},"content":{"rendered":"<p>[et_pb_section fb_built=\u00a0\u00bb1&Prime; _builder_version=\u00a0\u00bb4.9.5&Prime; _module_preset=\u00a0\u00bbdefault\u00a0\u00bb custom_padding=\u00a0\u00bb0px||||false|false\u00a0\u00bb][et_pb_row _builder_version=\u00a0\u00bb4.9.5&Prime; _module_preset=\u00a0\u00bbdefault\u00a0\u00bb width=\u00a0\u00bb100%\u00a0\u00bb max_width=\u00a0\u00bb100%\u00a0\u00bb][et_pb_column type=\u00a0\u00bb4_4&Prime; _builder_version=\u00a0\u00bb4.9.5&Prime; _module_preset=\u00a0\u00bbdefault\u00a0\u00bb][et_pb_text _builder_version=\u00a0\u00bb4.9.6&Prime; _module_preset=\u00a0\u00bbdefault\u00a0\u00bb header_2_font=\u00a0\u00bbMontserrat|600|||||||\u00a0\u00bb header_3_font=\u00a0\u00bb|600|||||||\u00a0\u00bb header_4_font=\u00a0\u00bb|600|||||||\u00a0\u00bb custom_margin=\u00a0\u00bb-95px|||||\u00a0\u00bb hover_enabled=\u00a0\u00bb0&Prime; sticky_enabled=\u00a0\u00bb0&Prime;]<\/p>\n<p>Un moment inoubliable avec Bruno, Henri et Nabila o\u00f9 le Vinpressionnisme a \u00e9crit une nouvelle page. J&rsquo;invite tous ceux qui sont de passage \u00e0 Paris \u00e0 s&rsquo;y arr\u00eater pour \u00e9couter notamment les ressentis de Bruno autour des Vinpressionnistes (et autres car\u00a0 il y a une sacr\u00e9 s\u00e9lection \u00e0 d\u00e9couvrir&#8230;)\u00a0<\/p>\n<p>[\/et_pb_text][\/et_pb_column][\/et_pb_row][\/et_pb_section]<\/p>\n","protected":false},"excerpt":{"rendered":"<p>Un moment inoubliable avec Bruno, Henri et Nabila o\u00f9 le Vinpressionnisme a \u00e9crit une nouvelle page. J&rsquo;invite tous ceux qui sont de passage \u00e0 Paris \u00e0 s&rsquo;y arr\u00eater pour \u00e9couter notamment les ressentis de Bruno autour des Vinpressionnistes (et autres car\u00a0 il y a une sacr\u00e9 s\u00e9lection \u00e0 d\u00e9couvrir&#8230;)\u00a0<\/p>","protected":false},"author":4,"featured_media":243090,"comment_status":"open","ping_status":"open","sticky":false,"template":"","format":"standard","meta":{"_et_pb_use_builder":"on","_et_pb_old_content":"","_et_gb_content_width":"","footnotes":""},"categories":[1],"tags":[],"class_list":["post-243088","post","type-post","status-publish","format-standard","has-post-thumbnail","hentry","category-non-classe"],"_links":{"self":[{"href":"https:\/\/vinpressionniste.com\/en\/wp-json\/wp\/v2\/posts\/243088","targetHints":{"allow":["GET"]}}],"collection":[{"href":"https:\/\/vinpressionniste.com\/en\/wp-json\/wp\/v2\/posts"}],"about":[{"href":"https:\/\/vinpressionniste.com\/en\/wp-json\/wp\/v2\/types\/post"}],"author":[{"embeddable":true,"href":"https:\/\/vinpressionniste.com\/en\/wp-json\/wp\/v2\/users\/4"}],"replies":[{"embeddable":true,"href":"https:\/\/vinpressionniste.com\/en\/wp-json\/wp\/v2\/comments?post=243088"}],"version-history":[{"count":0,"href":"https:\/\/vinpressionniste.com\/en\/wp-json\/wp\/v2\/posts\/243088\/revisions"}],"wp:featuredmedia":[{"embeddable":true,"href":"https:\/\/vinpressionniste.com\/en\/wp-json\/wp\/v2\/media\/243090"}],"wp:attachment":[{"href":"https:\/\/vinpressionniste.com\/en\/wp-json\/wp\/v2\/media?parent=243088"}],"wp:term":[{"taxonomy":"category","embeddable":true,"href":"https:\/\/vinpressionniste.com\/en\/wp-json\/wp\/v2\/categories?post=243088"},{"taxonomy":"post_tag","embeddable":true,"href":"https:\/\/vinpressionniste.com\/en\/wp-json\/wp\/v2\/tags?post=243088"}],"curies":[{"name":"wp","href":"https:\/\/api.w.org\/{rel}","templated":true}]}}